{"id":2332,"date":"2026-03-05T09:59:03","date_gmt":"2026-03-05T08:59:03","guid":{"rendered":"https:\/\/zs.gellnerka.cz\/subdom\/zs\/?p=2332"},"modified":"2026-03-05T10:51:31","modified_gmt":"2026-03-05T09:51:31","slug":"aktualizovane-informace-k-provozu-zs-a-sd","status":"publish","type":"post","link":"https:\/\/zs.gellnerka.cz\/subdom\/zs\/uk\/2026\/03\/05\/aktualizovane-informace-k-provozu-zs-a-sd\/","title":{"rendered":"Aktualizovan\u00e9 informace k provozu Z\u0160 a \u0160D"},"content":{"rendered":"<header class=\"entry-header ast-no-thumbnail ast-no-meta\">\n<h1 class=\"entry-title\">Provoz Z\u0160 ve \u0161koln\u00edm roce 2025\/26<\/h1>\n<\/header>\n<div class=\"entry-content clear\">\n<div data-olk-copy-source=\"MessageBody\"><strong>\u0158editelsk\u00e9 volno<\/strong><\/div>\n<div><\/div>\n<div>Ve dnech 29. \u2013 30. 6. 2026\u00a0 vyhla\u0161uje \u0159editelka \u0161koly z organiza\u010dn\u00edch d\u016fvod\u016f \u0159editelsk\u00e9 volno. V tento den neprob\u00edh\u00e1 v\u00fduka.<\/div>\n<div><\/div>\n<div>Zakon\u010den\u00ed \u0161koln\u00edho roku v\u010detn\u011b p\u0159ed\u00e1n\u00ed vysv\u011bd\u010den\u00ed prob\u011bhne dne 26. 6. 2026.<\/div>\n<\/div>\n<div>\n<hr \/>\n<\/div>\n<div><\/div>\n<div>\n<header class=\"entry-header ast-no-thumbnail ast-no-meta\">\n<h1 class=\"entry-title\">Provoz \u0160D<\/h1>\n<\/header>\n<div class=\"entry-content clear\">\n<div data-olk-copy-source=\"MessageBody\"><strong>Organizace 2. pololet\u00ed \u0161koln\u00edho roku 2025\/2026<\/strong><\/div>\n<ul>\n<li>Term\u00edny p\u0159eru\u0161en\u00ed\u00a0<b>\u010dinnosti \u0160D<\/b>\u00a0jsou n\u00e1sleduj\u00edc\u00ed:\n<ul>\n<li>jarn\u00ed pr\u00e1zdniny \u2013 16. 2. \u2013 20. 2. 2026<\/li>\n<li>velikono\u010dn\u00ed pr\u00e1zdniny \u2013 2. 4. 2026<\/li>\n<li>\u0159editelsk\u00e9 volno \u2013 29. \u2013 30.6.2026<\/li>\n<li>hlavn\u00ed pr\u00e1zdniny \u2013 1. 7. \u2013 31. 8. 2026<\/li>\n<\/ul>\n<\/li>\n<\/ul>\n<\/div>\n<\/div>","protected":false},"excerpt":{"rendered":"<p>Provoz Z\u0160 ve \u0161koln\u00edm roce 2025\/26 \u0158editelsk\u00e9 volno Ve dnech 29. \u2013 30. 6. 2026\u00a0 vyhla\u0161uje \u0159editelka \u0161koly z organiza\u010dn\u00edch d\u016fvod\u016f \u0159editelsk\u00e9 volno. V tento den neprob\u00edh\u00e1 v\u00fduka. Zakon\u010den\u00ed \u0161koln\u00edho roku v\u010detn\u011b p\u0159ed\u00e1n\u00ed vysv\u011bd\u010den\u00ed prob\u011bhne dne 26. 6. 2026. Provoz \u0160D Organizace 2. pololet\u00ed \u0161koln\u00edho roku 2025\/2026 Term\u00edny p\u0159eru\u0161en\u00ed\u00a0\u010dinnosti \u0160D\u00a0jsou n\u00e1sleduj\u00edc\u00ed: jarn\u00ed pr\u00e1zdniny \u2013 16. &hellip;<\/p>\n<p class=\"read-more\"> <a class=\"\" href=\"https:\/\/zs.gellnerka.cz\/subdom\/zs\/uk\/2026\/03\/05\/aktualizovane-informace-k-provozu-zs-a-sd\/\"> <span class=\"screen-reader-text\">Aktualizovan\u00e9 informace k provozu Z\u0160 a \u0160D<\/span> \u0414\u043e\u043a\u043b\u0430\u0434\u043d\u0456\u0448\u0435 &#038; raquo;<\/a><\/p>","protected":false},"author":2,"featured_media":0,"comment_status":"open","ping_status":"open","sticky":false,"template":"","format":"standard","meta":[],"categories":[14],"tags":[],"_links":{"self":[{"href":"https:\/\/zs.gellnerka.cz\/subdom\/zs\/uk\/wp-json\/wp\/v2\/posts\/2332"}],"collection":[{"href":"https:\/\/zs.gellnerka.cz\/subdom\/zs\/uk\/wp-json\/wp\/v2\/posts"}],"about":[{"href":"https:\/\/zs.gellnerka.cz\/subdom\/zs\/uk\/wp-json\/wp\/v2\/types\/post"}],"author":[{"embeddable":true,"href":"https:\/\/zs.gellnerka.cz\/subdom\/zs\/uk\/wp-json\/wp\/v2\/users\/2"}],"replies":[{"embeddable":true,"href":"https:\/\/zs.gellnerka.cz\/subdom\/zs\/uk\/wp-json\/wp\/v2\/comments?post=2332"}],"version-history":[{"count":3,"href":"https:\/\/zs.gellnerka.cz\/subdom\/zs\/uk\/wp-json\/wp\/v2\/posts\/2332\/revisions"}],"predecessor-version":[{"id":2335,"href":"https:\/\/zs.gellnerka.cz\/subdom\/zs\/uk\/wp-json\/wp\/v2\/posts\/2332\/revisions\/2335"}],"wp:attachment":[{"href":"https:\/\/zs.gellnerka.cz\/subdom\/zs\/uk\/wp-json\/wp\/v2\/media?parent=2332"}],"wp:term":[{"taxonomy":"category","embeddable":true,"href":"https:\/\/zs.gellnerka.cz\/subdom\/zs\/uk\/wp-json\/wp\/v2\/categories?post=2332"},{"taxonomy":"post_tag","embeddable":true,"href":"https:\/\/zs.gellnerka.cz\/subdom\/zs\/uk\/wp-json\/wp\/v2\/tags?post=2332"}],"curies":[{"name":"wp","href":"https:\/\/api.w.org\/{rel}","templated":true}]}}